{"id":409,"date":"2024-04-03T20:54:39","date_gmt":"2024-04-03T20:54:39","guid":{"rendered":"https:\/\/promotora.campeche.gob.mx\/?p=409"},"modified":"2024-04-03T20:54:39","modified_gmt":"2024-04-03T20:54:39","slug":"talleres-ambientales-cuidado-de-las-mascotas","status":"publish","type":"post","link":"https:\/\/promotora.campeche.gob.mx\/?p=409","title":{"rendered":"Talleres Ambientales  \u201cCuidado de las Mascotas\u201d"},"content":{"rendered":"\n<p>&nbsp;<\/p>\n<p>\u00a1Hoy retomamos \ud83d\udc4d\ud83c\udffduno de nuestros proyectos m\u00e1s emblem\u00e1ticos en la labor de educar para preservar \ud83d\udc9a!<br \/>En el marco de los Talleres Ambientales en Escuelas que organiza la Promotora para la Conservaci\u00f3n y Desarrollo Sustentable del Estado de Campeche (PROCDSCAM) \ud83d\udc9a, llevamos la pl\u00e1tica \u201cCuidado de las Mascotas\u201d al Jard\u00edn de Ni\u00f1os Nuevo Amanecer \ud83c\udf05.<br \/>Nuestro MVZ Juan Enrique G\u00f3mez V\u00e1zquez habl\u00f3 \ud83d\udde3 ante 48 alumnos de preescolar sobre los animales que pueden o no ser mascotas \ud83d\udc36\ud83d\udc31\ud83d\udc30\ud83d\udc26 , y comparti\u00f3 recomendaciones para sus cuidados y alimentaci\u00f3n, enfatizando la responsabilidad que conlleva tener un animalito de compa\u00f1\u00eda.<br \/>\u00a1Gracias \ud83d\ude4f\ud83c\udffc al personal docente y a los alumnos y alumnas por su recibimiento y participaci\u00f3n! <br \/>Pronto llegaremos a m\u00e1s escuelas \ud83c\udfeb con otros temas de concientizaci\u00f3n ambiental \ud83d\udc9a.<br \/>#GobiernoDeTodos<\/p>\n","protected":false},"excerpt":{"rendered":"<p>&nbsp; \u00a1Hoy retomamos \ud83d\udc4d\ud83c\udffduno de nuestros proyectos m\u00e1s emblem\u00e1ticos en la labor de educar para preservar \ud83d\udc9a!En el marco de los Talleres Ambientales en Escuelas que organiza la Promotora para la Conservaci\u00f3n y Desarrollo Sustentable del Estado de Campeche (PROCDSCAM) \ud83d\udc9a, llevamos la pl\u00e1tica \u201cCuidado de las Mascotas\u201d al Jard\u00edn de Ni\u00f1os Nuevo Amanecer \ud83c\udf05.Nuestro [&hellip;]<\/p>\n","protected":false},"author":2,"featured_media":450,"comment_status":"open","ping_status":"open","sticky":false,"template":"","format":"standard","meta":{"_acf_changed":false,"_et_pb_use_builder":"","_et_pb_old_content":"","_et_gb_content_width":"","footnotes":""},"categories":[1],"tags":[],"class_list":["post-409","post","type-post","status-publish","format-standard","has-post-thumbnail","hentry","category-sin-categoria"],"acf":[],"_links":{"self":[{"href":"https:\/\/promotora.campeche.gob.mx\/index.php?rest_route=\/wp\/v2\/posts\/409","targetHints":{"allow":["GET"]}}],"collection":[{"href":"https:\/\/promotora.campeche.gob.mx\/index.php?rest_route=\/wp\/v2\/posts"}],"about":[{"href":"https:\/\/promotora.campeche.gob.mx\/index.php?rest_route=\/wp\/v2\/types\/post"}],"author":[{"embeddable":true,"href":"https:\/\/promotora.campeche.gob.mx\/index.php?rest_route=\/wp\/v2\/users\/2"}],"replies":[{"embeddable":true,"href":"https:\/\/promotora.campeche.gob.mx\/index.php?rest_route=%2Fwp%2Fv2%2Fcomments&post=409"}],"version-history":[{"count":1,"href":"https:\/\/promotora.campeche.gob.mx\/index.php?rest_route=\/wp\/v2\/posts\/409\/revisions"}],"predecessor-version":[{"id":452,"href":"https:\/\/promotora.campeche.gob.mx\/index.php?rest_route=\/wp\/v2\/posts\/409\/revisions\/452"}],"wp:featuredmedia":[{"embeddable":true,"href":"https:\/\/promotora.campeche.gob.mx\/index.php?rest_route=\/wp\/v2\/media\/450"}],"wp:attachment":[{"href":"https:\/\/promotora.campeche.gob.mx\/index.php?rest_route=%2Fwp%2Fv2%2Fmedia&parent=409"}],"wp:term":[{"taxonomy":"category","embeddable":true,"href":"https:\/\/promotora.campeche.gob.mx\/index.php?rest_route=%2Fwp%2Fv2%2Fcategories&post=409"},{"taxonomy":"post_tag","embeddable":true,"href":"https:\/\/promotora.campeche.gob.mx\/index.php?rest_route=%2Fwp%2Fv2%2Ftags&post=409"}],"curies":[{"name":"wp","href":"https:\/\/api.w.org\/{rel}","templated":true}]}}